{"id":1625,"date":"2023-08-18T13:29:54","date_gmt":"2023-08-18T11:29:54","guid":{"rendered":"https:\/\/www.maxenergy.de\/magazin\/?p=1625"},"modified":"2024-05-23T10:15:05","modified_gmt":"2024-05-23T08:15:05","slug":"ebikes-und-eroller-darum-sind-sie-so-beliebt","status":"publish","type":"post","link":"https:\/\/www.maxenergy.de\/magazin\/ebikes-und-eroller-darum-sind-sie-so-beliebt\/","title":{"rendered":"eBikes und eRoller: Darum sind sie so beliebt."},"content":{"rendered":"\n<style type=\"text\/css\" data-created_by=\"avia_inline_auto\" id=\"style-css-av-lfjnio5e-ed222bd7b6fb5132100287c39f89d88c\">\n.avia-section.av-lfjnio5e-ed222bd7b6fb5132100287c39f89d88c{\nbackground-color:rgba(0,0,0,0.5);\nbackground-image:url(https:\/\/www.maxenergy.de\/magazin\/wp-content\/uploads\/2023\/08\/Header-eBikes-und-eRoller-1030x607.jpg);\nbackground-repeat:no-repeat;\nbackground-position:50% 100%;\nbackground-attachment:fixed;\n}\n<\/style>\n<div id='av_section_1'  class='avia-section av-lfjnio5e-ed222bd7b6fb5132100287c39f89d88c main_color avia-section-default avia-no-border-styling  avia-builder-el-0  el_before_av_textblock  avia-builder-el-first  Background-Container__Article avia-full-stretch avia-bg-style-fixed av-minimum-height av-minimum-height-50 av-height-50  container_wrap sidebar_left'  data-section-bg-repeat='stretch' data-av_minimum_height_pc='50' data-av_min_height_opt='50'><div class='container av-section-cont-open' ><main  role=\"main\" itemprop=\"mainContentOfPage\"  class='template-page content  av-content-small units'><div class='post-entry post-entry-type-page post-entry-1625'><div class='entry-content-wrapper clearfix'>\n<div  class='flex_column av-xppg38-d0ea3878f7af74dfef4723f2e2807f69 av_one_fifth  avia-builder-el-1  el_before_av_three_fifth  avia-builder-el-first  first flex_column_div  '     ><\/div><div  class='flex_column av-vzlxp0-aa7b4ff874fa43f82b6fb060adce6366 av_three_fifth  avia-builder-el-2  el_after_av_one_fifth  el_before_av_one_fifth  flex_column_div  '     ><style type=\"text\/css\" data-created_by=\"avia_inline_auto\" id=\"style-css-av-lfjnc90y-f8673c203167e9a42bc61407c04ab620\">\n#top .av_textblock_section.av-lfjnc90y-f8673c203167e9a42bc61407c04ab620 .avia_textblock{\nfont-size:40px;\ncolor:#ffffff;\n}\n<\/style>\n<section  class='av_textblock_section av-lfjnc90y-f8673c203167e9a42bc61407c04ab620 '   itemscope=\"itemscope\" itemtype=\"https:\/\/schema.org\/BlogPosting\" itemprop=\"blogPost\" ><div class='avia_textblock av_inherit_color'  itemprop=\"text\" ><p style=\"text-align: center;\">UMWELT<\/p>\n<\/div><\/section><br \/>\n\n<style type=\"text\/css\" data-created_by=\"avia_inline_auto\" id=\"style-css-av-v9xxt0-755b2ca849c1235468226fb1ccb87fc1\">\n#top .hr.av-v9xxt0-755b2ca849c1235468226fb1ccb87fc1{\nmargin-top:30px;\nmargin-bottom:30px;\n}\n.hr.av-v9xxt0-755b2ca849c1235468226fb1ccb87fc1 .hr-inner{\nwidth:50px;\nborder-color:#ffffff;\n}\n<\/style>\n<div  class='hr av-v9xxt0-755b2ca849c1235468226fb1ccb87fc1 hr-custom  avia-builder-el-4  el_after_av_textblock  avia-builder-el-last  hr-center hr-icon-no'><span class='hr-inner inner-border-av-border-fat'><span class=\"hr-inner-style\"><\/span><\/span><\/div><\/p><\/div><div  class='flex_column av-soulno-41212ca5d96b2e8539d2e05d2b6cb911 av_one_fifth  avia-builder-el-5  el_after_av_three_fifth  avia-builder-el-last  flex_column_div  '     ><\/div>\n<\/div><\/div><\/main><!-- close content main element --><\/div><\/div><div id='after_section_1'  class='main_color av_default_container_wrap container_wrap sidebar_left'  ><div class='container av-section-cont-open' ><div class='template-page content  av-content-small units'><div class='post-entry post-entry-type-page post-entry-1625'><div class='entry-content-wrapper clearfix'>\n<section  class='av_textblock_section av-lfjn9lk9-1d8de0d77eb16b6b1ee8b4f3be2e8e7b '   itemscope=\"itemscope\" itemtype=\"https:\/\/schema.org\/BlogPosting\" itemprop=\"blogPost\" ><div class='avia_textblock'  itemprop=\"text\" ><div id=\"author_pic\"><a href=\"https:\/\/www.maxenergy.de\/magazin\/author\/patricia\/\" rel=\"author\"><\/a><\/div>\n<h1><strong>eBikes und eRoller werden immer beliebter:<\/strong><\/h1>\n<h2><span class=\"ez-toc-section\" id=\"Elektrofahrzeuge_als_umweltfreundliche_Mobilitaetsloesungen\"><\/span><strong>Elektrofahrzeuge als umweltfreundliche Mobilit\u00e4tsl\u00f6sungen<\/strong><span class=\"ez-toc-section-end\"><\/span><\/h2>\n<\/div><\/section>\n<div  class='av-post-metadata-container av-rfo0k4-ea4f534cbd7b2bf767fb8b87c9aed963 av-metadata-container-align-left  avia-builder-el-7  el_after_av_textblock  el_before_av_textblock  av-metadata-container-1'><div class='av-post-metadata-container-inner'><span class=\"av-post-metadata-content av-post-metadata-meta-content\"><span class=\"av-post-metadata-content av-post-metadata-author\"  itemprop=\"author\" ><span class=\"av-post-metadata-author-link\" ><a href=\"https:\/\/www.maxenergy.de\/magazin\/author\/patricia\/\"  rel=\"author\">Patricia Strixner<\/a><\/span><\/span><span class=\"av-post-metadata-content av-post-metadata-separator\">\/<\/span><span class=\"av-post-metadata-content av-post-metadata-published\"><span class=\"av-post-metadata-published-date\" >18. August 2023<\/span><\/span><span class=\"av-post-metadata-content av-post-metadata-separator\">\/<\/span><span class=\"av-post-metadata-content av-post-metadata-category\"><span class=\"av-metadata-before av-metadata-before-categories\">in<\/span><span class=\"av-post-metadata-category-link\" ><a href=\"https:\/\/www.maxenergy.de\/magazin\/umwelt\/\" >Umwelt<\/a><\/span><\/span><\/span><\/div><\/div>\n<section  class='av_textblock_section av-lfjncwwf-b27507f2445bbef4a4ae36fe7550c54a '   itemscope=\"itemscope\" itemtype=\"https:\/\/schema.org\/BlogPosting\" itemprop=\"blogPost\" ><div class='avia_textblock'  itemprop=\"text\" ><p>In Zeiten, in denen der Klimawandel immer pr\u00e4senter wird und uns klar ist, wie umweltsch\u00e4dlich Fahrzeuge mit Verbrennungsmotor sind, suchen wir st\u00e4rker nach nachhaltigen und umweltfreundlichen Alternativen im Bereich der Mobilit\u00e4t. Hier kommen Elektrofahrzeuge ins Spiel! Insbesondere eBikes und eRoller, die als vielversprechende und umweltfreundliche Fahrzeuge gelten und daher immer beliebter werden.<\/p>\n<p>Wir pr\u00fcfen, wie umweltfreundlich die E-Fahrzeuge wirklich sind und werfen f\u00fcr Dich nochmal einen Blick auf die Vor- und Nachteile von eBikes und eRollern.<\/p>\n<\/div><\/section>\n\n<style type=\"text\/css\" data-created_by=\"avia_inline_auto\" id=\"style-css-av-4li3zt-5fc683490a3328bab98deaea1a0c9b6a\">\n#top .hr.hr-invisible.av-4li3zt-5fc683490a3328bab98deaea1a0c9b6a{\nheight:50px;\n}\n<\/style>\n<div  class='hr av-4li3zt-5fc683490a3328bab98deaea1a0c9b6a hr-invisible  avia-builder-el-9  el_after_av_textblock  el_before_av_textblock '><span class='hr-inner '><span class=\"hr-inner-style\"><\/span><\/span><\/div>\n<section  class='av_textblock_section av-ll6ho0gr-8cf470d8a269f53b58d60467464d69c5 '   itemscope=\"itemscope\" itemtype=\"https:\/\/schema.org\/BlogPosting\" itemprop=\"blogPost\" ><div class='avia_textblock'  itemprop=\"text\" ><h2><span class=\"ez-toc-section\" id=\"Sind_eBikes_und_eRoller_wirklich_so_umweltfreundlich\"><\/span>Sind eBikes und eRoller wirklich so umweltfreundlich?<span class=\"ez-toc-section-end\"><\/span><\/h2>\n<p>F\u00e4hrst Du mit dem eBike oder dem eRoller anstatt mit einem Auto mit Verbrennungsmotor, hast Du bereits einen gro\u00dfen Schritt Richtung Umweltschutz getan: Im Vergleich zu herk\u00f6mmlichen Benzin- oder Dieselantrieben erzeugen die E-Fahrzeuge<strong> keine sch\u00e4dlichen Abgase<\/strong> und tragen somit erheblich zur Reduzierung der Luftverschmutzung und des Treibhausgasaussto\u00dfes bei. Dies ist insbesondere in der Stadt von gro\u00dfer Bedeutung, wo die Luftqualit\u00e4t oft beeintr\u00e4chtigt ist.<\/p>\n<p>Um noch umweltfreundlicher zu handeln, solltest Du aber noch mehr beachten:<\/p>\n<ol>\n<li>Dein Strom zum Aufladen Deines eBikes oder eRollers sollte mit <strong>Strom aus erneuerbaren Energien geladen werden<\/strong>. F\u00fcr Deinen Strom Zuhause bietet Dir beispielsweise <a href=\"https:\/\/www.maxenergy.de\/Tarifrechner\/\"><u>MAXENERGY Tarife mit 100% \u00d6kostrom<\/u><\/a>.<\/li>\n<li>Informiere Dich \u00fcber die <strong>Herstellung und die Entsorgungsm\u00f6glichkeiten<\/strong> des eBikes oder des eRollers. Die Herstellung und Entsorgung der Batterien kamen schon oft als umweltsch\u00e4dlich in Verruf. Viele Hersteller haben jedoch in den letzten Jahren gro\u00dfe Fortschritte in der Batterietechnologie und dem Recyclingprozess gemacht.<\/li>\n<\/ol>\n<\/div><\/section>\n<div  class='av_promobox av-lfjnd4kq-291528f29ad99cb6548ae3719373dc8b avia-button-yes  avia-builder-el-11  el_after_av_textblock  el_before_av_textblock '><div class='avia-promocontent'><p>\nDu willst umweltschonende Energie? Dann schau Dir unsere Angebote mit 100% \u00d6kostrom an und finde den passenden Tarif f\u00fcr Dich.<\/p>\n<\/div><div  class='avia-button-wrap av-lfjnd4kq-1b734c8e14ec133ed80343a1583a3a5c-wrap avia-button-right '><a href='https:\/\/www.maxenergy.de\/?mtm_campaign=magazin'  class='avia-button av-lfjnd4kq-1b734c8e14ec133ed80343a1583a3a5c av-link-btn avia-icon_select-no avia-size-large avia-position-right avia-color-grey'  target=\"_blank\"  rel=\"noopener noreferrer\"  aria-label=\"Jetzt Tarif berechnen\"><span class='avia_iconbox_title' >Jetzt Tarif berechnen<\/span><\/a><\/div><\/div>\n<section  class='av_textblock_section av-ll57rby7-617f6b419071120a0a0f890f2ec6abca '   itemscope=\"itemscope\" itemtype=\"https:\/\/schema.org\/BlogPosting\" itemprop=\"blogPost\" ><div class='avia_textblock'  itemprop=\"text\" ><h2><span class=\"ez-toc-section\" id=\"Darum_lohnen_sich_eBikes_und_eRoller\"><\/span>Darum lohnen sich eBikes und eRoller:<span class=\"ez-toc-section-end\"><\/span><\/h2>\n<ol>\n<li><strong>Umweltfreundlich:<\/strong> Wie bereits erw\u00e4hnt, sind eBikes und eRoller im Vergleich zu Verbrennungsfahrzeugen umweltfreundlich und tragen zur Reduzierung der CO<sub>2<\/sub>-Emissionen bei.<\/li>\n<li><strong>Kosten sparen:<\/strong> Elektrischer Strom ist oft g\u00fcnstiger als Benzin oder Diesel. Die Betriebskosten von eBikes und eRollern sind daher in der Regel niedriger.<\/li>\n<li><strong>Stadttauglich:<\/strong> Die kompakte Gr\u00f6\u00dfe von eBikes und eRollern macht sie ideal f\u00fcr den Stadtverkehr. Damit kannst Du leicht durch enge Stra\u00dfen fahren und bist unabh\u00e4ngig von Staus oder sonstigen Einschr\u00e4nkungen im Stra\u00dfenverkehr.<\/li>\n<li><strong>Geringer Platzbedarf:<\/strong> Sowohl eBikes als auch eRoller ben\u00f6tigen weniger Parkplatzraum als herk\u00f6mmliche Autos. Damit k\u00f6nnen die Parkplatzprobleme in \u00fcberf\u00fcllten St\u00e4dten reduziert werden.<\/li>\n<li><strong>Gesundheitsf\u00f6rdernd:<\/strong> eBikes f\u00f6rdern die k\u00f6rperliche Aktivit\u00e4t, da Fahrer:innen immer noch in die Pedale treten m\u00fcssen, auch wenn der Elektromotor hilft.<\/li>\n<\/ol>\n<\/div><\/section>\n\n<style type=\"text\/css\" data-created_by=\"avia_inline_auto\" id=\"style-css-av-3ananm-48c02d9d88574ae23079b156ce1388c0\">\n#top .hr.hr-invisible.av-3ananm-48c02d9d88574ae23079b156ce1388c0{\nheight:50px;\n}\n<\/style>\n<div  class='hr av-3ananm-48c02d9d88574ae23079b156ce1388c0 hr-invisible  avia-builder-el-13  el_after_av_textblock  el_before_av_textblock '><span class='hr-inner '><span class=\"hr-inner-style\"><\/span><\/span><\/div>\n<section  class='av_textblock_section av-ll57s3wq-84a63a55e4f6e0eaa683fd75bc1db881 '   itemscope=\"itemscope\" itemtype=\"https:\/\/schema.org\/BlogPosting\" itemprop=\"blogPost\" ><div class='avia_textblock'  itemprop=\"text\" ><h2><span class=\"ez-toc-section\" id=\"Das_sollte_noch_verbessert_werden\"><\/span>Das sollte noch verbessert werden:<span class=\"ez-toc-section-end\"><\/span><\/h2>\n<ol>\n<li><strong>Beschr\u00e4nkte Reichweite:<\/strong> Die Batterien von Elektrofahrzeugen m\u00fcssen regelm\u00e4\u00dfig aufgeladen werden, wenn die Reichweite nicht besonders hoch ist. Doch durch stetige Entwicklungen haben viele eBikes mittlerweile Reichweiten von bis zu 150 km. Tipp von uns: Finde eine konkrete Zeit in Deinem Tagesablauf, in welche Du das Aufladen integrieren kannst.<\/li>\n<li><strong>Ladeinfrastruktur:<\/strong> Obwohl sich die Ladesituation stetig verbessert, ist die Verf\u00fcgbarkeit von Ladestationen f\u00fcr eBikes und eRoller m\u00f6glicherweise noch nicht so weit verbreitet wie f\u00fcr Elektroautos.<\/li>\n<li><strong>Anschaffungskosten:<\/strong> Der anf\u00e4ngliche Kaufpreis von eBikes und eRollern kann h\u00f6her sein als der von herk\u00f6mmlichen Fahrr\u00e4dern oder Rollern. Das kann zun\u00e4chst abschreckend wirken.<\/li>\n<\/ol>\n<\/div><\/section>\n\n<style type=\"text\/css\" data-created_by=\"avia_inline_auto\" id=\"style-css-av-1vwy89-b0e9ab0e21573da0c8ea8313ff4d0d2c\">\n#top .hr.hr-invisible.av-1vwy89-b0e9ab0e21573da0c8ea8313ff4d0d2c{\nheight:50px;\n}\n<\/style>\n<div  class='hr av-1vwy89-b0e9ab0e21573da0c8ea8313ff4d0d2c hr-invisible  avia-builder-el-15  el_after_av_textblock  el_before_av_textblock '><span class='hr-inner '><span class=\"hr-inner-style\"><\/span><\/span><\/div>\n<section  class='av_textblock_section av-llgi489q-582e06114e068aaac2d79842db6d5de9 '   itemscope=\"itemscope\" itemtype=\"https:\/\/schema.org\/BlogPosting\" itemprop=\"blogPost\" ><div class='avia_textblock'  itemprop=\"text\" ><h2><span class=\"ez-toc-section\" id=\"Unsere_Prognose\"><\/span>Unsere Prognose:<span class=\"ez-toc-section-end\"><\/span><\/h2>\n<p><strong>eBikes und eRoller sind die Zukunft<\/strong>. Immer mehr St\u00e4dte wollen umweltbewusster handeln und versuchen den Verkehr nachhaltiger zu gestalten, weshalb E-Mobilit\u00e4t immer relevanter wird. Au\u00dferdem wird die Technologie der Batterien st\u00e4ndig verbessert, was zu l\u00e4ngeren Reichweiten und k\u00fcrzeren Ladezeiten f\u00fchrt.<\/p>\n<\/div><\/section>\n\n<style type=\"text\/css\" data-created_by=\"avia_inline_auto\" id=\"style-css-av-6c6mjz-3498a7b2e4c1d525d0bd5fdb89fdf778\">\n#top .hr.hr-invisible.av-6c6mjz-3498a7b2e4c1d525d0bd5fdb89fdf778{\nheight:50px;\n}\n<\/style>\n<div  class='hr av-6c6mjz-3498a7b2e4c1d525d0bd5fdb89fdf778 hr-invisible  avia-builder-el-17  el_after_av_textblock  el_before_av_one_full '><span class='hr-inner '><span class=\"hr-inner-style\"><\/span><\/span><\/div>\n<div  class='flex_column av-6v5phg-21e6d1fa55583f35421b948404d2ffcf av_one_full  avia-builder-el-18  el_after_av_hr  el_before_av_one_full  first flex_column_div  '     ><section  class='av_textblock_section av-lfjneooz-173e4925f059004ed484b30d112df875 '   itemscope=\"itemscope\" itemtype=\"https:\/\/schema.org\/BlogPosting\" itemprop=\"blogPost\" ><div class='avia_textblock'  itemprop=\"text\" ><h2 id=\"4.WasbeiUmzugsservicebeachten\" class=\"pp_heading\" data-w-id=\"9f21f920-27e8-c9f7-1d2d-26cd4e44412f\" data-wf-id=\"&#091;\"><span class=\"ez-toc-section\" id=\"eBikes_und_eRoller_%E2%80%93_FAQ\"><\/span>eBikes und eRoller &#8211; FAQ<span class=\"ez-toc-section-end\"><\/span><\/h2>\n<\/div><\/section><br \/>\n\n<style type=\"text\/css\" data-created_by=\"avia_inline_auto\" id=\"style-css-av-lfjnfelm-2a2222b5dd07bb39a5a2f10622513326\">\n#top .togglecontainer.av-lfjnfelm-2a2222b5dd07bb39a5a2f10622513326 p.toggler{\nbackground-color:#ffffff;\n}\n#top .togglecontainer.av-lfjnfelm-2a2222b5dd07bb39a5a2f10622513326 p.toggler .toggle_icon{\ncolor:#000000;\nborder-color:#000000;\n}\n#top .togglecontainer.av-lfjnfelm-2a2222b5dd07bb39a5a2f10622513326 p.toggler .toggle_icon > span{\ncolor:#000000;\nborder-color:#000000;\n}\n#top .togglecontainer.av-lfjnfelm-2a2222b5dd07bb39a5a2f10622513326 .toggle_wrap .toggle_content{\nbackground-color:#ffffff;\n}\n<\/style>\n<div  class='togglecontainer av-lfjnfelm-2a2222b5dd07bb39a5a2f10622513326 av-minimal-toggle  avia-builder-el-20  el_after_av_textblock  avia-builder-el-last  toggle_close_all'  itemscope=\"itemscope\" itemtype=\"https:\/\/schema.org\/FAQPage\" >\n<section class='av_toggle_section av-lfjnf84b-bc11884e698590b87215ef05e9f84ca2'  itemscope=\"itemscope\" itemprop=\"mainEntity\" itemtype=\"https:\/\/schema.org\/Question\" ><div role=\"tablist\" class=\"single_toggle\" data-tags=\"{Alle} \"  ><p id='toggle-toggle-id-1' data-fake-id='#toggle-id-1' class='toggler  av-title-above '  itemprop=\"name\"  role='tab' tabindex='0' aria-controls='toggle-id-1' data-slide-speed=\"200\" data-title=\"Sind eBikes und eRoller umweltfreundlich?\" data-title-open=\"\" data-aria_collapsed=\"Click to expand: Sind eBikes und eRoller umweltfreundlich?\" data-aria_expanded=\"Click to collapse: Sind eBikes und eRoller umweltfreundlich?\">Sind eBikes und eRoller umweltfreundlich?<span class=\"toggle_icon\"><span class=\"vert_icon\"><\/span><span class=\"hor_icon\"><\/span><\/span><\/p><div id='toggle-id-1' aria-labelledby='toggle-toggle-id-1' role='region' class='toggle_wrap  av-title-above'   itemscope=\"itemscope\" itemprop=\"acceptedAnswer\" itemtype=\"https:\/\/schema.org\/Answer\" ><div class='toggle_content invers-color '  itemprop=\"text\" ><p>Ja, denn mit eBikes und eRollern erzeugst du keine sch\u00e4dlichen Abgase, wie mit einem Auto mit Verbrennungsmotor. Achte auf umweltfreundlichen Strom f\u00fcr die Ladung und gute Herstellungsbedingungen um maximal umweltschonend zu sein.<\/p>\n<\/div><\/div><\/div><\/section>\n<section class='av_toggle_section av-lfjnfdqf-0ca545b03f149460d882e846fa589e88'  itemscope=\"itemscope\" itemprop=\"mainEntity\" itemtype=\"https:\/\/schema.org\/Question\" ><div role=\"tablist\" class=\"single_toggle\" data-tags=\"{Alle} \"  ><p id='toggle-toggle-id-2' data-fake-id='#toggle-id-2' class='toggler  av-title-above '  itemprop=\"name\"  role='tab' tabindex='0' aria-controls='toggle-id-2' data-slide-speed=\"200\" data-title=\"Lohnen sich eBikes und eRoller?\" data-title-open=\"\" data-aria_collapsed=\"Click to expand: Lohnen sich eBikes und eRoller?\" data-aria_expanded=\"Click to collapse: Lohnen sich eBikes und eRoller?\">Lohnen sich eBikes und eRoller?<span class=\"toggle_icon\"><span class=\"vert_icon\"><\/span><span class=\"hor_icon\"><\/span><\/span><\/p><div id='toggle-id-2' aria-labelledby='toggle-toggle-id-2' role='region' class='toggle_wrap  av-title-above'   itemscope=\"itemscope\" itemprop=\"acceptedAnswer\" itemtype=\"https:\/\/schema.org\/Answer\" ><div class='toggle_content invers-color '  itemprop=\"text\" ><p>Ja, denn eBikes und eRoller sind umweltfreundlich, sparen Kosten, durch g\u00fcnstigeren Strom im Vergleich zu Benzin oder Diesel und ben\u00f6tigen weniger Platz in den Stra\u00dfen und beim Parken. Au\u00dferdem tust du mit dem Fahren eines eBikes etwas f\u00fcr Deine Gesundheit!<\/p>\n<\/div><\/div><\/div><\/section>\n<section class='av_toggle_section av-lfjnfuo6-1aa89d551fee660b7f4dc852f2fda3e3'  itemscope=\"itemscope\" itemprop=\"mainEntity\" itemtype=\"https:\/\/schema.org\/Question\" ><div role=\"tablist\" class=\"single_toggle\" data-tags=\"{Alle} \"  ><p id='toggle-toggle-id-3' data-fake-id='#toggle-id-3' class='toggler  av-title-above '  itemprop=\"name\"  role='tab' tabindex='0' aria-controls='toggle-id-3' data-slide-speed=\"200\" data-title=\"Reicht der Akku eine eBikes oder eRollers lang?\" data-title-open=\"\" data-aria_collapsed=\"Click to expand: Reicht der Akku eine eBikes oder eRollers lang?\" data-aria_expanded=\"Click to collapse: Reicht der Akku eine eBikes oder eRollers lang?\">Reicht der Akku eine eBikes oder eRollers lang?<span class=\"toggle_icon\"><span class=\"vert_icon\"><\/span><span class=\"hor_icon\"><\/span><\/span><\/p><div id='toggle-id-3' aria-labelledby='toggle-toggle-id-3' role='region' class='toggle_wrap  av-title-above'   itemscope=\"itemscope\" itemprop=\"acceptedAnswer\" itemtype=\"https:\/\/schema.org\/Answer\" ><div class='toggle_content invers-color '  itemprop=\"text\" ><p>Wie lange der Akku Deines eBikes oder eRollers h\u00e4lt, ist abh\u00e4ngig vom Modell. Entgegen der Meinung, die Akkus seien schnell leer, verbessern Hersteller diese kontinuierlich weiter, so dass die Reichweite immer gr\u00f6\u00dfer wird.<\/p>\n<\/div><\/div><\/div><\/section>\n<\/div><\/p><\/div><div  class='flex_column av-6bxmd0-333026b40b88418698a9b824e86cc7f8 av_one_full  avia-builder-el-21  el_after_av_one_full  avia-builder-el-last  first flex_column_div  column-top-margin'     ><section  class='av_textblock_section av-3hr7is-afbaa9b1133f46ed6093ebedb4b302a0 '   itemscope=\"itemscope\" itemtype=\"https:\/\/schema.org\/BlogPosting\" itemprop=\"blogPost\" ><div class='avia_textblock'  itemprop=\"text\" ><h2><span class=\"ez-toc-section\" id=\"Das_koennte_Dich_auch_interessieren\"><\/span>Das k\u00f6nnte Dich auch interessieren:<span class=\"ez-toc-section-end\"><\/span><\/h2>\n<\/div><\/section><br \/>\n<div  data-slideshow-options=\"{&quot;animation&quot;:&quot;fade&quot;,&quot;autoplay&quot;:false,&quot;loop_autoplay&quot;:&quot;once&quot;,&quot;interval&quot;:&quot;5&quot;,&quot;loop_manual&quot;:&quot;manual-endless&quot;,&quot;autoplay_stopper&quot;:false,&quot;noNavigation&quot;:false,&quot;show_slide_delay&quot;:90}\" class='avia-content-slider avia-content-slider-active avia-content-slider1 avia-content-slider-odd  avia-builder-el-23  el_after_av_textblock  avia-builder-el-last  av-slideshow-ui av-control-default   av-no-slider-navigation av-slideshow-manual av-loop-once av-loop-manual-endless '  itemscope=\"itemscope\" itemtype=\"https:\/\/schema.org\/Blog\" ><div class=\"avia-content-slider-inner\"><div class=\"slide-entry-wrap\"><article class='slide-entry flex_column  post-entry post-entry-2091 slide-entry-overview slide-loop-1 slide-parity-odd  av_one_third first real-thumbnail posttype-post post-format-standard'  itemscope=\"itemscope\" itemtype=\"https:\/\/schema.org\/BlogPosting\" itemprop=\"blogPost\" ><a href='https:\/\/www.maxenergy.de\/magazin\/saubere-gewaesser\/' data-rel='slide-1' class='slide-image' title='Gemeinsam f\u00fcr saubere Gew\u00e4sser: Das gro\u00dfe Finale der MAXENERGY Clean-up Days'><img decoding=\"async\" fetchpriority=\"high\" width=\"495\" height=\"400\" src=\"https:\/\/www.maxenergy.de\/magazin\/wp-content\/uploads\/2025\/10\/BeforeAfter_BosniaHerzigovina_2-495x400.jpg\" class=\"wp-image-2099 avia-img-lazy-loading-not-2099 attachment-portfolio size-portfolio wp-post-image\" alt=\"MAXENERGY |\" srcset=\"https:\/\/www.maxenergy.de\/magazin\/wp-content\/uploads\/2025\/10\/BeforeAfter_BosniaHerzigovina_2-495x400.jpg 495w, https:\/\/www.maxenergy.de\/magazin\/wp-content\/uploads\/2025\/10\/BeforeAfter_BosniaHerzigovina_2-845x684.jpg 845w\" sizes=\"(max-width: 495px) 100vw, 495px\" title=\"\"><\/a><div class=\"slide-content\"><header class=\"entry-content-header\" aria-label=\"Slide: Gemeinsam f\u00fcr saubere Gew\u00e4sser: Das gro\u00dfe Finale der MAXENERGY Clean-up Days\"><h3 class='slide-entry-title entry-title '  itemprop=\"headline\" ><span class=\"ez-toc-section\" id=\"Gemeinsam_fuer_saubere_Gewaesser_Das_grosse_Finale_der_MAXENERGY_Clean-up_Days\"><\/span><a href='https:\/\/www.maxenergy.de\/magazin\/saubere-gewaesser\/' title='Gemeinsam f\u00fcr saubere Gew\u00e4sser: Das gro\u00dfe Finale der MAXENERGY Clean-up Days'>Gemeinsam f\u00fcr saubere Gew\u00e4sser: Das gro\u00dfe Finale der MAXENERGY Clean-up Days<\/a><span class=\"ez-toc-section-end\"><\/span><\/h3><span class=\"av-vertical-delimiter\"><\/span><\/header><div class=\"slide-meta\"><time class='slide-meta-time updated'  itemprop=\"datePublished\" datetime=\"2025-10-20T17:49:37+02:00\" >20. Oktober 2025<\/time><div class=\"slide-meta-del\">\/<\/div><div class=\"slide-meta-comments\"><a href='https:\/\/www.maxenergy.de\/magazin\/saubere-gewaesser\/#respond'>0 Kommentare<\/a><\/div><\/div><div class='slide-entry-excerpt entry-content'  itemprop=\"text\" ><div class=\"read-more-link\"><a href=\"https:\/\/www.maxenergy.de\/magazin\/saubere-gewaesser\/\" class=\"more-link\">Weiterlesen<span class='more-link-arrow avia-svg-icon avia-font-svg_entypo-fontello' data-av_svg_icon='right-open-big' data-av_iconset='svg_entypo-fontello'><svg version=\"1.1\" xmlns=\"http:\/\/www.w3.org\/2000\/svg\" width=\"15\" height=\"32\" viewBox=\"0 0 15 32\" preserveAspectRatio=\"xMidYMid meet\" role=\"graphics-symbol\" aria-hidden=\"true\">\n<path d=\"M0.416 27.84l11.456-11.84-11.456-11.904q-0.832-0.832 0-1.536 0.832-0.832 1.536 0l12.544 12.608q0.768 0.832 0 1.6l-12.544 12.608q-0.704 0.832-1.536 0-0.832-0.704 0-1.536z\"><\/path>\n<\/svg><\/span><\/a><\/div><\/div><\/div><footer class=\"entry-footer\"><\/footer><span class='hidden'>\n\t\t\t\t<span class='av-structured-data'  itemprop=\"image\" itemscope=\"itemscope\" itemtype=\"https:\/\/schema.org\/ImageObject\" >\n\t\t\t\t\t\t<span itemprop='url'>https:\/\/www.maxenergy.de\/magazin\/wp-content\/uploads\/2025\/10\/BeforeAfter_BosniaHerzigovina_2.jpg<\/span>\n\t\t\t\t\t\t<span itemprop='height'>1080<\/span>\n\t\t\t\t\t\t<span itemprop='width'>1920<\/span>\n\t\t\t\t<\/span>\n\t\t\t\t<span class='av-structured-data'  itemprop=\"publisher\" itemtype=\"https:\/\/schema.org\/Organization\" itemscope=\"itemscope\" >\n\t\t\t\t\t\t<span itemprop='name'>Jasmin Wagner<\/span>\n\t\t\t\t\t\t<span itemprop='logo' itemscope itemtype='https:\/\/schema.org\/ImageObject'>\n\t\t\t\t\t\t\t<span itemprop='url'>https:\/\/www.maxenergy.de\/magazin\/wp-content\/uploads\/2024\/06\/MaxEnergy_Logo_Weiss_Clean.svg<\/span>\n\t\t\t\t\t\t<\/span>\n\t\t\t\t<\/span><span class='av-structured-data'  itemprop=\"author\" itemscope=\"itemscope\" itemtype=\"https:\/\/schema.org\/Person\" ><span itemprop='name'>Jasmin Wagner<\/span><\/span><span class='av-structured-data'  itemprop=\"datePublished\" datetime=\"2023-08-18T13:29:54+02:00\" >2025-10-20 17:49:37<\/span><span class='av-structured-data'  itemprop=\"dateModified\" itemtype=\"https:\/\/schema.org\/dateModified\" >2026-04-23 17:29:32<\/span><span class='av-structured-data'  itemprop=\"mainEntityOfPage\" itemtype=\"https:\/\/schema.org\/mainEntityOfPage\" ><span itemprop='name'>Gemeinsam f\u00fcr saubere Gew\u00e4sser: Das gro\u00dfe Finale der MAXENERGY Clean-up Days<\/span><\/span><\/span><\/article><article class='slide-entry flex_column  post-entry post-entry-2080 slide-entry-overview slide-loop-2 slide-parity-even  av_one_third  real-thumbnail posttype-post post-format-standard'  itemscope=\"itemscope\" itemtype=\"https:\/\/schema.org\/BlogPosting\" itemprop=\"blogPost\" ><a href='https:\/\/www.maxenergy.de\/magazin\/richtig-heizen-im-herbst\/' data-rel='slide-1' class='slide-image' title='Richtig heizen im Herbst: Vermeide Schimmel und spare bares Geld'><img decoding=\"async\" fetchpriority=\"high\" width=\"495\" height=\"400\" src=\"https:\/\/www.maxenergy.de\/magazin\/wp-content\/uploads\/2025\/09\/he-gong-2VCtLsPEaWI-unsplash-495x400.jpg\" class=\"wp-image-2081 avia-img-lazy-loading-not-2081 attachment-portfolio size-portfolio wp-post-image\" alt=\"heizen, katze auf heizung\" srcset=\"https:\/\/www.maxenergy.de\/magazin\/wp-content\/uploads\/2025\/09\/he-gong-2VCtLsPEaWI-unsplash-495x400.jpg 495w, https:\/\/www.maxenergy.de\/magazin\/wp-content\/uploads\/2025\/09\/he-gong-2VCtLsPEaWI-unsplash-845x684.jpg 845w\" sizes=\"(max-width: 495px) 100vw, 495px\" title=\"\"><\/a><div class=\"slide-content\"><header class=\"entry-content-header\" aria-label=\"Slide: Richtig heizen im Herbst: Vermeide Schimmel und spare bares Geld\"><h3 class='slide-entry-title entry-title '  itemprop=\"headline\" ><span class=\"ez-toc-section\" id=\"Richtig_heizen_im_Herbst_Vermeide_Schimmel_und_spare_bares_Geld\"><\/span><a href='https:\/\/www.maxenergy.de\/magazin\/richtig-heizen-im-herbst\/' title='Richtig heizen im Herbst: Vermeide Schimmel und spare bares Geld'>Richtig heizen im Herbst: Vermeide Schimmel und spare bares Geld<\/a><span class=\"ez-toc-section-end\"><\/span><\/h3><span class=\"av-vertical-delimiter\"><\/span><\/header><div class=\"slide-meta\"><time class='slide-meta-time updated'  itemprop=\"datePublished\" datetime=\"2025-09-18T16:11:05+02:00\" >18. September 2025<\/time><div class=\"slide-meta-del\">\/<\/div><div class=\"slide-meta-comments\"><a href='https:\/\/www.maxenergy.de\/magazin\/richtig-heizen-im-herbst\/#respond'>0 Kommentare<\/a><\/div><\/div><div class='slide-entry-excerpt entry-content'  itemprop=\"text\" ><div class=\"read-more-link\"><a href=\"https:\/\/www.maxenergy.de\/magazin\/richtig-heizen-im-herbst\/\" class=\"more-link\">Weiterlesen<span class='more-link-arrow avia-svg-icon avia-font-svg_entypo-fontello' data-av_svg_icon='right-open-big' data-av_iconset='svg_entypo-fontello'><svg version=\"1.1\" xmlns=\"http:\/\/www.w3.org\/2000\/svg\" width=\"15\" height=\"32\" viewBox=\"0 0 15 32\" preserveAspectRatio=\"xMidYMid meet\" role=\"graphics-symbol\" aria-hidden=\"true\">\n<path d=\"M0.416 27.84l11.456-11.84-11.456-11.904q-0.832-0.832 0-1.536 0.832-0.832 1.536 0l12.544 12.608q0.768 0.832 0 1.6l-12.544 12.608q-0.704 0.832-1.536 0-0.832-0.704 0-1.536z\"><\/path>\n<\/svg><\/span><\/a><\/div><\/div><\/div><footer class=\"entry-footer\"><\/footer><span class='hidden'>\n\t\t\t\t<span class='av-structured-data'  itemprop=\"image\" itemscope=\"itemscope\" itemtype=\"https:\/\/schema.org\/ImageObject\" >\n\t\t\t\t\t\t<span itemprop='url'>https:\/\/www.maxenergy.de\/magazin\/wp-content\/uploads\/2025\/09\/he-gong-2VCtLsPEaWI-unsplash.jpg<\/span>\n\t\t\t\t\t\t<span itemprop='height'>1800<\/span>\n\t\t\t\t\t\t<span itemprop='width'>2400<\/span>\n\t\t\t\t<\/span>\n\t\t\t\t<span class='av-structured-data'  itemprop=\"publisher\" itemtype=\"https:\/\/schema.org\/Organization\" itemscope=\"itemscope\" >\n\t\t\t\t\t\t<span itemprop='name'>Antonia Weimann<\/span>\n\t\t\t\t\t\t<span itemprop='logo' itemscope itemtype='https:\/\/schema.org\/ImageObject'>\n\t\t\t\t\t\t\t<span itemprop='url'>https:\/\/www.maxenergy.de\/magazin\/wp-content\/uploads\/2024\/06\/MaxEnergy_Logo_Weiss_Clean.svg<\/span>\n\t\t\t\t\t\t<\/span>\n\t\t\t\t<\/span><span class='av-structured-data'  itemprop=\"author\" itemscope=\"itemscope\" itemtype=\"https:\/\/schema.org\/Person\" ><span itemprop='name'>Antonia Weimann<\/span><\/span><span class='av-structured-data'  itemprop=\"datePublished\" datetime=\"2023-08-18T13:29:54+02:00\" >2025-09-18 16:11:05<\/span><span class='av-structured-data'  itemprop=\"dateModified\" itemtype=\"https:\/\/schema.org\/dateModified\" >2025-11-18 14:25:22<\/span><span class='av-structured-data'  itemprop=\"mainEntityOfPage\" itemtype=\"https:\/\/schema.org\/mainEntityOfPage\" ><span itemprop='name'>Richtig heizen im Herbst: Vermeide Schimmel und spare bares Geld<\/span><\/span><\/span><\/article><article class='slide-entry flex_column  post-entry post-entry-1946 slide-entry-overview slide-loop-3 slide-parity-odd  post-entry-last  av_one_third  real-thumbnail posttype-post post-format-standard'  itemscope=\"itemscope\" itemtype=\"https:\/\/schema.org\/BlogPosting\" itemprop=\"blogPost\" ><a href='https:\/\/www.maxenergy.de\/magazin\/energieanbieter-wechsel-mythen\/' data-rel='slide-1' class='slide-image' title='Energieanbieter wechseln \u2013 4 Mythen rund um Strom &#038; Gas'><img decoding=\"async\" fetchpriority=\"high\" width=\"495\" height=\"400\" src=\"https:\/\/www.maxenergy.de\/magazin\/wp-content\/uploads\/2025\/04\/anthony-indraus-Bb9jWuTMPUk-unsplash-Klein-495x400.jpg\" class=\"wp-image-1949 avia-img-lazy-loading-not-1949 attachment-portfolio size-portfolio wp-post-image\" alt=\"Licht im Glaskolben - Erfahre alles zum Energieanbieter wechsel\" title=\"\"><\/a><div class=\"slide-content\"><header class=\"entry-content-header\" aria-label=\"Slide: Energieanbieter wechseln \u2013 4 Mythen rund um Strom &amp; Gas\"><h3 class='slide-entry-title entry-title '  itemprop=\"headline\" ><span class=\"ez-toc-section\" id=\"Energieanbieter_wechseln_%E2%80%93_4_Mythen_rund_um_Strom_Gas\"><\/span><a href='https:\/\/www.maxenergy.de\/magazin\/energieanbieter-wechsel-mythen\/' title='Energieanbieter wechseln \u2013 4 Mythen rund um Strom &#038; Gas'>Energieanbieter wechseln \u2013 4 Mythen rund um Strom &#038; Gas<\/a><span class=\"ez-toc-section-end\"><\/span><\/h3><span class=\"av-vertical-delimiter\"><\/span><\/header><div class=\"slide-meta\"><time class='slide-meta-time updated'  itemprop=\"datePublished\" datetime=\"2025-04-17T13:42:53+02:00\" >17. April 2025<\/time><div class=\"slide-meta-del\">\/<\/div><div class=\"slide-meta-comments\"><a href='https:\/\/www.maxenergy.de\/magazin\/energieanbieter-wechsel-mythen\/#respond'>0 Kommentare<\/a><\/div><\/div><div class='slide-entry-excerpt entry-content'  itemprop=\"text\" ><div class=\"read-more-link\"><a href=\"https:\/\/www.maxenergy.de\/magazin\/energieanbieter-wechsel-mythen\/\" class=\"more-link\">Weiterlesen<span class='more-link-arrow avia-svg-icon avia-font-svg_entypo-fontello' data-av_svg_icon='right-open-big' data-av_iconset='svg_entypo-fontello'><svg version=\"1.1\" xmlns=\"http:\/\/www.w3.org\/2000\/svg\" width=\"15\" height=\"32\" viewBox=\"0 0 15 32\" preserveAspectRatio=\"xMidYMid meet\" role=\"graphics-symbol\" aria-hidden=\"true\">\n<path d=\"M0.416 27.84l11.456-11.84-11.456-11.904q-0.832-0.832 0-1.536 0.832-0.832 1.536 0l12.544 12.608q0.768 0.832 0 1.6l-12.544 12.608q-0.704 0.832-1.536 0-0.832-0.704 0-1.536z\"><\/path>\n<\/svg><\/span><\/a><\/div><\/div><\/div><footer class=\"entry-footer\"><\/footer><span class='hidden'>\n\t\t\t\t<span class='av-structured-data'  itemprop=\"image\" itemscope=\"itemscope\" itemtype=\"https:\/\/schema.org\/ImageObject\" >\n\t\t\t\t\t\t<span itemprop='url'>https:\/\/www.maxenergy.de\/magazin\/wp-content\/uploads\/2025\/04\/anthony-indraus-Bb9jWuTMPUk-unsplash-Klein.jpg<\/span>\n\t\t\t\t\t\t<span itemprop='height'>480<\/span>\n\t\t\t\t\t\t<span itemprop='width'>853<\/span>\n\t\t\t\t<\/span>\n\t\t\t\t<span class='av-structured-data'  itemprop=\"publisher\" itemtype=\"https:\/\/schema.org\/Organization\" itemscope=\"itemscope\" >\n\t\t\t\t\t\t<span itemprop='name'>Nicki Teumer<\/span>\n\t\t\t\t\t\t<span itemprop='logo' itemscope itemtype='https:\/\/schema.org\/ImageObject'>\n\t\t\t\t\t\t\t<span itemprop='url'>https:\/\/www.maxenergy.de\/magazin\/wp-content\/uploads\/2024\/06\/MaxEnergy_Logo_Weiss_Clean.svg<\/span>\n\t\t\t\t\t\t<\/span>\n\t\t\t\t<\/span><span class='av-structured-data'  itemprop=\"author\" itemscope=\"itemscope\" itemtype=\"https:\/\/schema.org\/Person\" ><span itemprop='name'>Nicki Teumer<\/span><\/span><span class='av-structured-data'  itemprop=\"datePublished\" datetime=\"2023-08-18T13:29:54+02:00\" >2025-04-17 13:42:53<\/span><span class='av-structured-data'  itemprop=\"dateModified\" itemtype=\"https:\/\/schema.org\/dateModified\" >2025-05-12 08:49:16<\/span><span class='av-structured-data'  itemprop=\"mainEntityOfPage\" itemtype=\"https:\/\/schema.org\/mainEntityOfPage\" ><span itemprop='name'>Energieanbieter wechseln \u2013 4 Mythen rund um Strom &#038; Gas<\/span><\/span><\/span><\/article><\/div><\/div><\/div><\/p><\/div><\/p>\n","protected":false},"excerpt":{"rendered":"<p>eBikes und eRoller werden immer beliebter. Warum das so ist und ob sie wirklich umweltfreundlich sind, erf\u00e4hrst Du hier.<\/p>\n","protected":false},"author":7,"featured_media":1626,"comment_status":"open","ping_status":"open","sticky":false,"template":"","format":"standard","meta":{"footnotes":""},"categories":[3],"tags":[223,76,219,220,222,60,53,215,36,221,217,126,37,31,62,213,72,218,44],"class_list":["post-1625","post","type-post","status-publish","format-standard","has-post-thumbnail","hentry","category-umwelt","tag-e-fahrzeug","tag-e-mobilitaet","tag-ebike","tag-elektrofahrrad","tag-elektroroller","tag-energie","tag-energiesparen","tag-energiewende","tag-erneuerbare-energie","tag-eroller","tag-nachhaligkeit","tag-nachhaltig","tag-oekostrom","tag-strom","tag-strompreis","tag-stromquelle","tag-umwelt","tag-zuhause","tag-zukunft"],"_links":{"self":[{"href":"https:\/\/www.maxenergy.de\/magazin\/wp-json\/wp\/v2\/posts\/1625","targetHints":{"allow":["GET"]}}],"collection":[{"href":"https:\/\/www.maxenergy.de\/magazin\/wp-json\/wp\/v2\/posts"}],"about":[{"href":"https:\/\/www.maxenergy.de\/magazin\/wp-json\/wp\/v2\/types\/post"}],"author":[{"embeddable":true,"href":"https:\/\/www.maxenergy.de\/magazin\/wp-json\/wp\/v2\/users\/7"}],"replies":[{"embeddable":true,"href":"https:\/\/www.maxenergy.de\/magazin\/wp-json\/wp\/v2\/comments?post=1625"}],"version-history":[{"count":12,"href":"https:\/\/www.maxenergy.de\/magazin\/wp-json\/wp\/v2\/posts\/1625\/revisions"}],"predecessor-version":[{"id":1765,"href":"https:\/\/www.maxenergy.de\/magazin\/wp-json\/wp\/v2\/posts\/1625\/revisions\/1765"}],"wp:featuredmedia":[{"embeddable":true,"href":"https:\/\/www.maxenergy.de\/magazin\/wp-json\/wp\/v2\/media\/1626"}],"wp:attachment":[{"href":"https:\/\/www.maxenergy.de\/magazin\/wp-json\/wp\/v2\/media?parent=1625"}],"wp:term":[{"taxonomy":"category","embeddable":true,"href":"https:\/\/www.maxenergy.de\/magazin\/wp-json\/wp\/v2\/categories?post=1625"},{"taxonomy":"post_tag","embeddable":true,"href":"https:\/\/www.maxenergy.de\/magazin\/wp-json\/wp\/v2\/tags?post=1625"}],"curies":[{"name":"wp","href":"https:\/\/api.w.org\/{rel}","templated":true}]}}